{"id":8488,"date":"2023-06-30T15:22:46","date_gmt":"2023-06-30T13:22:46","guid":{"rendered":"https:\/\/www.dichecibo6.it\/new\/?p=8488"},"modified":"2023-07-27T16:30:34","modified_gmt":"2023-07-27T14:30:34","slug":"i-giorni-e-le-feste-il-rinascimento-fiorentino-a-tavola-2","status":"publish","type":"post","link":"https:\/\/www.dichecibo6.it\/new\/2023\/06\/30\/i-giorni-e-le-feste-il-rinascimento-fiorentino-a-tavola-2\/","title":{"rendered":"Franco Banchi  &#8211; Invito a cena con filosofo"},"content":{"rendered":"<p><span style=\"color: #000000;\">Come testo usa pure questo: Cosa si sarebbero detti Kant e Leonardo, Hildegard di Bingen e Sartre, Nietzsche ed Hegel, Spinoza e Arendt, Heidegger e Seneca, Leibniz e Platone, Ficino, Campanella e Freud, invitati ad un immaginario convivio, con il solo obbligo di proporre le loro ricette preferite ? La risposta alla fervida fantasia del lettore. All&#8217;autore del libro, Franco Banchi, giornalista, scrittore e filosofo, il compito di presentare &#8220;15 quadri filosofico &#8211; gastronomici&#8221; in cui prendono forma le passioni culinarie di alcuni grandi del pensiero, attraverso tre diversi tipi di men\u00f9: &#8220;Ispirazione marina&#8221;, &#8220;Oltre pesce e carne&#8221;, &#8220;Terra e cielo&#8221;. Da questa rappresentazione ideale scaturisce un intrigante viaggio intorno ai loro gusti culinari, spesso mai conosciuti, attraverso singolari racconti che rivelano l\u2019originale rapporto tra questi illustri filosofi e l\u2019universo del cibo. Il libro sar\u00e0 presentato nell&#8217;affascinante contesto della Florence University of the Arts -American University of Florence ( FUA -AUF ), Via Ricasoli, 21 ( a due passi dal Duomo ). L&#8217;evento avr\u00e0 luogo nel GIARDINO IL CAFAGGIO DEL VESCOVO ( tra agrumi ed erbe aromatiche entro il contesto di Palazzo Villani Strozzi Ridolfi ), MERCOLEDI&#8217; 28 GIUGNO alle ore 18.30. La presentazione \u00e8 inserita nell&#8217;ambito degli &#8220;INCONTRI CON GLI AUTORI&#8221; ed organizzata dall&#8217;Associazione CONSONANZE. Nicoletta Arbusti, che presiede l&#8217;associazione introdurr\u00e0 e coordiner\u00e0 l&#8217;incontro. FRANCO BANCHI, autore del libro \u00e8 anche direttore responsabile della rivista on line dichecibo6magazine.it, di cui ARBUSTI \u00e8 fondatrice ed editrice. FRANCO BANCHI, INVITO A CENA CON FILOSOFO &#8211; 15 GRANDI DEL PENSIERO A TAVOLA, Edizioni Del Faro, Trento, 2023<\/span><\/p>\n","protected":false},"excerpt":{"rendered":"<p>Come testo usa pure questo: Cosa si sarebbero detti [&hellip;]<\/p>\n","protected":false},"author":1,"featured_media":8489,"comment_status":"closed","ping_status":"open","sticky":false,"template":"","format":"standard","meta":{"footnotes":""},"categories":[51],"tags":[],"class_list":["post-8488","post","type-post","status-publish","format-standard","has-post-thumbnail","hentry","category-evento"],"_links":{"self":[{"href":"https:\/\/www.dichecibo6.it\/new\/wp-json\/wp\/v2\/posts\/8488","targetHints":{"allow":["GET"]}}],"collection":[{"href":"https:\/\/www.dichecibo6.it\/new\/wp-json\/wp\/v2\/posts"}],"about":[{"href":"https:\/\/www.dichecibo6.it\/new\/wp-json\/wp\/v2\/types\/post"}],"author":[{"embeddable":true,"href":"https:\/\/www.dichecibo6.it\/new\/wp-json\/wp\/v2\/users\/1"}],"replies":[{"embeddable":true,"href":"https:\/\/www.dichecibo6.it\/new\/wp-json\/wp\/v2\/comments?post=8488"}],"version-history":[{"count":2,"href":"https:\/\/www.dichecibo6.it\/new\/wp-json\/wp\/v2\/posts\/8488\/revisions"}],"predecessor-version":[{"id":8493,"href":"https:\/\/www.dichecibo6.it\/new\/wp-json\/wp\/v2\/posts\/8488\/revisions\/8493"}],"wp:featuredmedia":[{"embeddable":true,"href":"https:\/\/www.dichecibo6.it\/new\/wp-json\/wp\/v2\/media\/8489"}],"wp:attachment":[{"href":"https:\/\/www.dichecibo6.it\/new\/wp-json\/wp\/v2\/media?parent=8488"}],"wp:term":[{"taxonomy":"category","embeddable":true,"href":"https:\/\/www.dichecibo6.it\/new\/wp-json\/wp\/v2\/categories?post=8488"},{"taxonomy":"post_tag","embeddable":true,"href":"https:\/\/www.dichecibo6.it\/new\/wp-json\/wp\/v2\/tags?post=8488"}],"curies":[{"name":"wp","href":"https:\/\/api.w.org\/{rel}","templated":true}]}}