{"id":891,"date":"2018-02-08T09:18:19","date_gmt":"2018-02-08T09:18:19","guid":{"rendered":"http:\/\/journo.edge-themes.com\/?p=891"},"modified":"2019-09-14T11:46:30","modified_gmt":"2019-09-14T09:46:30","slug":"il-cibo-e-un-esperienza-multisensoriale","status":"publish","type":"post","link":"https:\/\/www.dichecibo6.it\/new\/2018\/02\/08\/il-cibo-e-un-esperienza-multisensoriale\/","title":{"rendered":"DI CHE CIBO 6?"},"content":{"rendered":"<p>[vc_row css=&#8221;.vc_custom_1518190366236{padding-top: 12px !important;padding-bottom: 37px !important;}&#8221;][vc_column]<div class=\"edgtf-elements-holder   edgtf-one-column  edgtf-responsive-mode-768 \" ><div class=\"edgtf-eh-item    \"  data-item-class=\"edgtf-eh-custom-1154\" data-1280-1600=\"0 0\" data-1024-1280=\"0 0\" data-768-1024=\"0 0\" data-680-768=\"0 0\" data-680=\"0 0\">\n\t<div class=\"edgtf-eh-item-inner\">\n\t\t<div class=\"edgtf-eh-item-content edgtf-eh-custom-1154\" style=\"padding: 0 70px 0 0\">\n\t\t\t[vc_column_text]\n<span class=\"edgtf-dropcaps edgtf-normal\" style=\"color: #d6a67c\">\n\tI<\/span>l cibo \u00e8 un\u2019esperienza multisensoriale, <strong>nutrimento<\/strong>,\u00a0 <strong>cultura<\/strong>, <strong>storia<\/strong>,\u00a0 <strong>convivialit\u00e0<\/strong>, <strong>atto sociale, educazione,<\/strong> <strong>lavoro<\/strong>, <strong>creativit\u00e0<\/strong>, <strong>ricerca<\/strong> e <strong>arte<\/strong>. Di che cibo 6? \u00e8 tutto questo.[\/vc_column_text][\/vc_row][vc_row][vc_column offset=&#8221;vc_col-lg-5 vc_col-md-12&#8243;]<div class=\"edgtf-elements-holder   edgtf-one-column  edgtf-responsive-mode-768 \" ><\/div><div class=\"edgtf-eh-item    \"  data-item-class=\"edgtf-eh-custom-4799\">\n\t<div class=\"edgtf-eh-item-inner\">\n\t\t<div class=\"edgtf-eh-item-content edgtf-eh-custom-4799\" style=\"padding: 22px 0 0 0\">\n\t\t\t\t\t<\/div>\n\t<\/div>\n<\/div><div class=\"edgtf-single-image-holder   \">\n    <div class=\"edgtf-si-inner\" >\n                                    <img loading=\"lazy\" decoding=\"async\" width=\"2000\" height=\"1136\" src=\"https:\/\/www.dichecibo6.it\/new\/wp-content\/uploads\/2014\/09\/now-or-never_perfecxt.jpg\" class=\"attachment-full size-full\" alt=\"\" srcset=\"https:\/\/www.dichecibo6.it\/new\/wp-content\/uploads\/2014\/09\/now-or-never_perfecxt.jpg 2000w, https:\/\/www.dichecibo6.it\/new\/wp-content\/uploads\/2014\/09\/now-or-never_perfecxt-600x341.jpg 600w, https:\/\/www.dichecibo6.it\/new\/wp-content\/uploads\/2014\/09\/now-or-never_perfecxt-300x170.jpg 300w, https:\/\/www.dichecibo6.it\/new\/wp-content\/uploads\/2014\/09\/now-or-never_perfecxt-1024x582.jpg 1024w\" sizes=\"auto, (max-width: 2000px) 100vw, 2000px\" \/>                        <\/div>\n<\/div><p class=\"edgtf-custom-font-holder  edgtf-cf-2394  \" style=\"font-family: Montserrat;font-size: 10px;font-weight: 400;text-transform: capitalize;text-align: left;color: #545454;margin: 5px 0 0 0\" data-item-class=\"edgtf-cf-2394\">\n\tSniff Sniff \/ Greg Design<\/p>\t\t<\/div>\n\t<\/div>\n<\/div><\/div>[vc_empty_space height=&#8221;16px&#8221;][\/vc_column][vc_column offset=&#8221;vc_col-lg-7 vc_col-md-12&#8243; css=&#8221;.vc_custom_1519401538805{margin-top: -10px !important;}&#8221;]<div class=\"edgtf-elements-holder   edgtf-one-column  edgtf-responsive-mode-768 \" ><div class=\"edgtf-eh-item    \"  data-item-class=\"edgtf-eh-custom-8925\" data-1280-1600=\"20px 0px 0 0\" data-1024-1280=\"20px 0px 0 0\" data-768-1024=\"20px 50px 0 0\" data-680-768=\"20px 0px 0 0 \" data-680=\"20px 0px 0 0\">\n\t<div class=\"edgtf-eh-item-inner\">\n\t\t<div class=\"edgtf-eh-item-content edgtf-eh-custom-8925\" style=\"padding: 20px 120px 0 0\">\n\t\t\t[vc_empty_space height=&#8221;17px&#8221;]\t\t<\/div>\n\t<\/div>\n<\/div><\/div><div class=\"edgtf-elements-holder   edgtf-one-column  edgtf-responsive-mode-768 \" ><div class=\"edgtf-eh-item    \"  data-item-class=\"edgtf-eh-custom-4881\" data-1280-1600=\"0 0px 0 33px\" data-1024-1280=\"0 0px 0 33px\" data-768-1024=\"0 60px 20px 33px\" data-680-768=\"0 60px 20px 33px\" data-680=\"0 10px 20px 25px \">\n\t<div class=\"edgtf-eh-item-inner\">\n\t\t<div class=\"edgtf-eh-item-content edgtf-eh-custom-4881\" style=\"padding: 0 60px 0 33px\">\n\t\t\t[vc_column_text]<\/p>\n<blockquote>\n<p style=\"text-align: left;\">Gli animali si nutrono, l\u2019uomo mangia,<br \/>\nsolo l\u2019uomo di spirito sa mangiare.<br \/>\n(Anthelme Brillat-Savarin, Fisiologia del gusto, 1825)<\/p>\n<\/blockquote>\n<p>[\/vc_column_text]\t\t<\/div>\n\t<\/div>\n<\/div><\/div>[\/vc_column][\/vc_row][vc_row css=&#8221;.vc_custom_1519051988741{padding-top: 0px !important;}&#8221;][vc_column][vc_column_text]Di che cibo 6? nasce come tributo a mio padre,<br \/>\ne cos\u00ec a chi ama l\u2019essenza del cibo, del nutrire e dell\u2019essere nutriti.<br \/>\nPap\u00e0, che era, in realt\u00e0, un manager, aveva una enorme abilit\u00e0 a mettere a pranzo o a cena i commensali, anche con tre soli ingredienti. Faceva \u201cmiracoli\u201d culinari!<\/p>\n<p>Io ho sempre sostenuto che questo era perch\u00e9, da musicista mancato, aveva trovato \u2013 a parte la sua dote naturale di \u201cchef\u201d -, un modo per mettere insieme i sapori, i colori, le forme, l\u2019armonia degli ingredienti come fossero note su un pentagramma.<br \/>\nRicordava sempre la sua mamma che cucinava per lui le telline, mentre, piccolissimo,stava ancora sul seggiolone. Ne \u201cpercepiva\u201d il profumo e il sapore. Era un atto di amore.<\/p>\n<p>Per questo me le cucinava spesso, fin da quand\u2019ero bambina, e quel profumo, quel sapore sono gli stessi che io non dimentico.<\/p>\n<p><strong>Lui mi ha insegnato a \u201cnutrire\u201d il corpo, la mente e il cuore.<\/strong><\/p>\n<p>In fondo, il cibo \u00e8 la sola cosa che ci appartiene veramente: diventa parte di noi e ci fa vivere. Senza il cibo non potremmo vivere.<\/p>\n<p>Ma la cucina, come lui scriveva nel suo bel libro sulla Cucina del Gargano, \u00e8 un\u2019arte che va coltivata, \u00e8 una convinzione, un importante fatto di costume, un insieme di esperienze che hanno origine da civilt\u00e0 antiche.<br \/>\nCos\u00ec, Di che cibo 6?, nato nel 2014, con la preziosa collaborazione della Westin Starwood \u2013 The Excelsior Florence \u2014 leggete nel sito il Numero Zero ! \u2013, e divenuto azienda nel 2015.[\/vc_column_text][vc_empty_space height=&#8221;60px&#8221;][\/vc_column][\/vc_row][vc_row][vc_column]<div class=\"edgtf-image-gallery  edgtf-ig-masonry-type edgtf-small-space  \">\n\t<div class=\"edgtf-ig-inner edgtf-outer-space edgtf-ig-masonry edgtf-ig-two-columns\">\n\t\t<div class=\"edgtf-ig-grid-sizer\"><\/div>\n\t\t<div class=\"edgtf-ig-grid-gutter\"><\/div>\n\t\t\t\t\t\t\t\t<div class=\"edgtf-ig-image edgtf-item-space \">\n\t\t\t\t<div class=\"edgtf-ig-image-inner\">\n\t\t\t\t\t\t\t\t\t\t\t<img loading=\"lazy\" decoding=\"async\" width=\"1000\" height=\"668\" src=\"https:\/\/www.dichecibo6.it\/new\/wp-content\/uploads\/2019\/08\/dichecibo_6_what_food_r_you_firenze_florence_bedarumica_RUT_3685.jpg\" class=\"attachment-full size-full\" alt=\"\" srcset=\"https:\/\/www.dichecibo6.it\/new\/wp-content\/uploads\/2019\/08\/dichecibo_6_what_food_r_you_firenze_florence_bedarumica_RUT_3685.jpg 1000w, https:\/\/www.dichecibo6.it\/new\/wp-content\/uploads\/2019\/08\/dichecibo_6_what_food_r_you_firenze_florence_bedarumica_RUT_3685-300x200.jpg 300w, https:\/\/www.dichecibo6.it\/new\/wp-content\/uploads\/2019\/08\/dichecibo_6_what_food_r_you_firenze_florence_bedarumica_RUT_3685-768x513.jpg 768w, https:\/\/www.dichecibo6.it\/new\/wp-content\/uploads\/2019\/08\/dichecibo_6_what_food_r_you_firenze_florence_bedarumica_RUT_3685-600x401.jpg 600w\" sizes=\"auto, (max-width: 1000px) 100vw, 1000px\" \/>\t\t\t\t\t\t\t\t\t<\/div>\n\t\t\t<\/div>\n\t\t\t\t\t\t\t\t<div class=\"edgtf-ig-image edgtf-item-space \">\n\t\t\t\t<div class=\"edgtf-ig-image-inner\">\n\t\t\t\t\t\t\t\t\t\t\t<img loading=\"lazy\" decoding=\"async\" width=\"1000\" height=\"668\" src=\"https:\/\/www.dichecibo6.it\/new\/wp-content\/uploads\/2019\/08\/dichecibo_6_what_food_r_you_firenze_florence_bedarumica_.jpg\" class=\"attachment-full size-full\" alt=\"\" srcset=\"https:\/\/www.dichecibo6.it\/new\/wp-content\/uploads\/2019\/08\/dichecibo_6_what_food_r_you_firenze_florence_bedarumica_.jpg 1000w, https:\/\/www.dichecibo6.it\/new\/wp-content\/uploads\/2019\/08\/dichecibo_6_what_food_r_you_firenze_florence_bedarumica_-300x200.jpg 300w, https:\/\/www.dichecibo6.it\/new\/wp-content\/uploads\/2019\/08\/dichecibo_6_what_food_r_you_firenze_florence_bedarumica_-768x513.jpg 768w, https:\/\/www.dichecibo6.it\/new\/wp-content\/uploads\/2019\/08\/dichecibo_6_what_food_r_you_firenze_florence_bedarumica_-600x401.jpg 600w\" sizes=\"auto, (max-width: 1000px) 100vw, 1000px\" \/>\t\t\t\t\t\t\t\t\t<\/div>\n\t\t\t<\/div>\n\t\t\t\t\t\t\t\t<div class=\"edgtf-ig-image edgtf-item-space \">\n\t\t\t\t<div class=\"edgtf-ig-image-inner\">\n\t\t\t\t\t\t\t\t\t\t\t<img loading=\"lazy\" decoding=\"async\" width=\"1000\" height=\"668\" src=\"https:\/\/www.dichecibo6.it\/new\/wp-content\/uploads\/2014\/09\/Silvia_Guetta_dichecibo6.jpg\" class=\"attachment-full size-full\" alt=\"\" srcset=\"https:\/\/www.dichecibo6.it\/new\/wp-content\/uploads\/2014\/09\/Silvia_Guetta_dichecibo6.jpg 1000w, https:\/\/www.dichecibo6.it\/new\/wp-content\/uploads\/2014\/09\/Silvia_Guetta_dichecibo6-600x401.jpg 600w, https:\/\/www.dichecibo6.it\/new\/wp-content\/uploads\/2014\/09\/Silvia_Guetta_dichecibo6-300x200.jpg 300w\" sizes=\"auto, (max-width: 1000px) 100vw, 1000px\" \/>\t\t\t\t\t\t\t\t\t<\/div>\n\t\t\t<\/div>\n\t\t\t\t\t\t\t\t<div class=\"edgtf-ig-image edgtf-item-space \">\n\t\t\t\t<div class=\"edgtf-ig-image-inner\">\n\t\t\t\t\t\t\t\t\t\t\t<img loading=\"lazy\" decoding=\"async\" width=\"1000\" height=\"668\" src=\"https:\/\/www.dichecibo6.it\/new\/wp-content\/uploads\/2014\/09\/Nicoletta_Arbusti_dichecibo6.jpg\" class=\"attachment-full size-full\" alt=\"Nella sala Vespucci in occasione di DICHECIBO6, numero zero, The Westin Exelcelsion - Flocence, Firenze\" srcset=\"https:\/\/www.dichecibo6.it\/new\/wp-content\/uploads\/2014\/09\/Nicoletta_Arbusti_dichecibo6.jpg 1000w, https:\/\/www.dichecibo6.it\/new\/wp-content\/uploads\/2014\/09\/Nicoletta_Arbusti_dichecibo6-600x401.jpg 600w, https:\/\/www.dichecibo6.it\/new\/wp-content\/uploads\/2014\/09\/Nicoletta_Arbusti_dichecibo6-300x200.jpg 300w\" sizes=\"auto, (max-width: 1000px) 100vw, 1000px\" \/>\t\t\t\t\t\t\t\t\t<\/div>\n\t\t\t<\/div>\n\t\t\t<\/div>\n<\/div><p class=\"edgtf-custom-font-holder  edgtf-cf-7971  \" style=\"font-family: Montserrat;font-size: 8px;font-weight: 400;text-transform: capitalize;text-align: left;color: #545454;margin: 5px 0 0 0\" data-item-class=\"edgtf-cf-7971\">\n\tDi Che Cibo 6? Numero Zero \/ foto by bedarumica<\/p>[\/vc_column][\/vc_row][vc_row css=&#8221;.vc_custom_1518192947855{padding-top: 9px !important;}&#8221;][vc_column][vc_column_text]<br \/>\nL&#8217;evento zero si \u00e8 svolto presso il The Westin Excelsior \u2013 Florence, con la collaborazione della Westin Starwood attraverso la preziosa assistenza del Complex General Manager, del The Excelsior Westin, Florence e del St.Regis,Florence, Valentino Bertolini; e la preziosa partecipazione dell&#8217;Executive Chef del Sesto on Arno \u2013 The Westin Excelsior Entiana Osmenzeza, Chef di fama internazionale, con la partecipazione di Marino Sartorato, Sommelier e F&amp;B Service Manager del The Westin Excelsior \u2013 Florence.<\/p>\n<p>L&#8217;evento \u00e8 stato presentato ad un pubblico di noti giornalisti e blogger di enogastronomia, diviso in due sezioni:una teorica, a cura di Nicoletta Arbusti, psicologa e psicoterapeuta, e di Silvia Guetta, docente di Pedagogia Generale e Sociale all&#8217;Universit\u00e0 di Firenze; ed una applicata, che ha presentato UNA SPERIMENTAZIONE SULLA VALUTAZIONE QUALITA&#8217; INTRINSECA DEI CIBI realizzata da Entiana Osmenzeza e da Roberta Chiaramonti neurologa, esperta di medicina integrata.<br \/>\n[\/vc_column_text][\/vc_column][\/vc_row]<\/p>\n","protected":false},"excerpt":{"rendered":"<p>Il cibo \u00e8 un\u2019esperienza multisensoriale, nutrimento,  cultura, storia,  convivialit\u00e0, atto sociale, educazione, lavoro, creativit\u00e0, ricerca e arte. Di che cibo 6? \u00e8 tutto questo.<\/p>\n","protected":false},"author":1,"featured_media":7537,"comment_status":"closed","ping_status":"closed","sticky":false,"template":"","format":"standard","meta":{"footnotes":""},"categories":[107],"tags":[155],"class_list":["post-891","post","type-post","status-publish","format-standard","has-post-thumbnail","hentry","category-discover","tag-about-us"],"_links":{"self":[{"href":"https:\/\/www.dichecibo6.it\/new\/wp-json\/wp\/v2\/posts\/891","targetHints":{"allow":["GET"]}}],"collection":[{"href":"https:\/\/www.dichecibo6.it\/new\/wp-json\/wp\/v2\/posts"}],"about":[{"href":"https:\/\/www.dichecibo6.it\/new\/wp-json\/wp\/v2\/types\/post"}],"author":[{"embeddable":true,"href":"https:\/\/www.dichecibo6.it\/new\/wp-json\/wp\/v2\/users\/1"}],"replies":[{"embeddable":true,"href":"https:\/\/www.dichecibo6.it\/new\/wp-json\/wp\/v2\/comments?post=891"}],"version-history":[{"count":38,"href":"https:\/\/www.dichecibo6.it\/new\/wp-json\/wp\/v2\/posts\/891\/revisions"}],"predecessor-version":[{"id":7654,"href":"https:\/\/www.dichecibo6.it\/new\/wp-json\/wp\/v2\/posts\/891\/revisions\/7654"}],"wp:featuredmedia":[{"embeddable":true,"href":"https:\/\/www.dichecibo6.it\/new\/wp-json\/wp\/v2\/media\/7537"}],"wp:attachment":[{"href":"https:\/\/www.dichecibo6.it\/new\/wp-json\/wp\/v2\/media?parent=891"}],"wp:term":[{"taxonomy":"category","embeddable":true,"href":"https:\/\/www.dichecibo6.it\/new\/wp-json\/wp\/v2\/categories?post=891"},{"taxonomy":"post_tag","embeddable":true,"href":"https:\/\/www.dichecibo6.it\/new\/wp-json\/wp\/v2\/tags?post=891"}],"curies":[{"name":"wp","href":"https:\/\/api.w.org\/{rel}","templated":true}]}}